{"id":5837,"global_id":"www.dfrg-bochum.de\/fr\/?id=5837","global_id_lineage":["www.dfrg-bochum.de\/fr\/?id=5837"],"author":"6","status":"publish","date":"2026-05-02 23:17:49","date_utc":"2026-05-02 21:17:49","modified":"2026-05-02 23:17:49","modified_utc":"2026-05-02 21:17:49","url":"https:\/\/www.dfrg-bochum.de\/fr\/\u00e9v\u00e9nement\/semaines-europeennes-2026\/","rest_url":"https:\/\/www.dfrg-bochum.de\/fr\/wp-json\/tribe\/events\/v1\/events\/5837","title":"SEMAINES EUROP\u00c9ENNES 2026","description":"<h3><em><strong>Seule la version allemande du texte concernant cet \u00e9v\u00e9nement est actuellement disponible.<\/strong><\/em><\/h3>\n<p>&#8212;&#8212;&#8212;&#8212;&#8212;&#8212;&#8212;&#8212;&#8212;&#8212;&#8212;&#8212;&#8212;&#8212;&#8212;&#8212;&#8212;&#8212;&#8212;&#8212;&#8212;&#8212;&#8212;&#8212;&#8212;&#8212;&#8212;&#8212;&#8212;&#8212;&#8212;&#8212;&#8212;&#8212;&#8212;&#8212;&#8212;&#8212;&#8212;&#8212;&#8212;&#8212;&#8212;&#8212;&#8212;&#8212;&#8212;&#8212;<\/p>\n<p>Mit den Bochumer Europawochen 2026 l\u00e4dt die Stadt Bochum im Mai erneut dazu ein, Internationalit\u00e4t und Interkulturalit\u00e4t gemeinsam zu erleben und zu feiern. Das vielf\u00e4ltige Programm spannt einen weiten thematischen Bogen von Kulinarik, Kunst und Kultur bis hin zu Fragen nach Bochums Rolle in Europa und der Welt.<\/p>\n<p>Weiteres und eine \u00dcbersicht \u00fcber alle Veranstaltungen unter <a href=\"https:\/\/www.bochum.de\/europawochen\">https:\/\/www.bochum.de\/europawochen<\/a>. Anmeldungen unter <a href=\"mailto:internationales@bochum.de\">internationales@bochum.de<\/a>.<\/p>","excerpt":"","slug":"semaines-europeennes-2026","image":false,"all_day":true,"start_date":"2026-05-04 00:00:00","start_date_details":{"year":"2026","month":"05","day":"04","hour":"00","minutes":"00","seconds":"00"},"end_date":"2026-05-30 23:59:59","end_date_details":{"year":"2026","month":"05","day":"30","hour":"23","minutes":"59","seconds":"59"},"utc_start_date":"2026-05-03 22:00:00","utc_start_date_details":{"year":"2026","month":"05","day":"03","hour":"22","minutes":"00","seconds":"00"},"utc_end_date":"2026-05-30 21:59:59","utc_end_date_details":{"year":"2026","month":"05","day":"30","hour":"21","minutes":"59","seconds":"59"},"timezone":"Europe\/Berlin","timezone_abbr":"CEST","cost":"","cost_details":{"currency_symbol":"\u20ac","currency_code":"USD","currency_position":"prefix","values":[]},"website":"","show_map":false,"show_map_link":true,"hide_from_listings":false,"sticky":false,"featured":false,"categories":[{"name":"G\u00e9n\u00e9ralement","slug":"generalement","term_group":0,"term_taxonomy_id":215,"taxonomy":"tribe_events_cat","description":"","parent":0,"count":31,"filter":"raw","id":215,"urls":{"self":"https:\/\/www.dfrg-bochum.de\/fr\/wp-json\/tribe\/events\/v1\/categories\/215","collection":"https:\/\/www.dfrg-bochum.de\/fr\/wp-json\/tribe\/events\/v1\/categories"}},{"name":"semaines europ\u00e9ennes 2026","slug":"semaines-europeennes-2026","term_group":0,"term_taxonomy_id":358,"taxonomy":"tribe_events_cat","description":"","parent":0,"count":3,"filter":"raw","id":358,"urls":{"self":"https:\/\/www.dfrg-bochum.de\/fr\/wp-json\/tribe\/events\/v1\/categories\/358","collection":"https:\/\/www.dfrg-bochum.de\/fr\/wp-json\/tribe\/events\/v1\/categories"}}],"tags":[{"name":"Bochum","slug":"bochum-fr","term_group":0,"term_taxonomy_id":236,"taxonomy":"post_tag","description":"","parent":0,"count":11,"filter":"raw","id":236,"urls":{"self":"https:\/\/www.dfrg-bochum.de\/fr\/wp-json\/tribe\/events\/v1\/tags\/236","collection":"https:\/\/www.dfrg-bochum.de\/fr\/wp-json\/tribe\/events\/v1\/tags"}},{"name":"Europe","slug":"europe","term_group":0,"term_taxonomy_id":307,"taxonomy":"post_tag","description":"","parent":0,"count":5,"filter":"raw","id":307,"urls":{"self":"https:\/\/www.dfrg-bochum.de\/fr\/wp-json\/tribe\/events\/v1\/tags\/307","collection":"https:\/\/www.dfrg-bochum.de\/fr\/wp-json\/tribe\/events\/v1\/tags"}},{"name":"semaines europ\u00e9ennes 2026","slug":"semaines-europeennes-2026","term_group":0,"term_taxonomy_id":359,"taxonomy":"post_tag","description":"","parent":0,"count":3,"filter":"raw","id":359,"urls":{"self":"https:\/\/www.dfrg-bochum.de\/fr\/wp-json\/tribe\/events\/v1\/tags\/359","collection":"https:\/\/www.dfrg-bochum.de\/fr\/wp-json\/tribe\/events\/v1\/tags"}}],"venue":{"id":5834,"author":"6","status":"publish","date":"2026-05-02 22:50:11","date_utc":"2026-05-02 20:50:11","modified":"2026-05-02 23:17:31","modified_utc":"2026-05-02 21:17:31","url":"https:\/\/www.dfrg-bochum.de\/veranstaltungsort\/bochum\/","venue":"Bochum","slug":"bochum","json_ld":{"@type":"Place","name":"Bochum","description":"","url":"https:\/\/www.dfrg-bochum.de\/veranstaltungsort\/bochum\/","address":{"@type":"PostalAddress"},"telephone":"","sameAs":""},"show_map":false,"show_map_link":true,"global_id":"www.dfrg-bochum.de\/fr\/?id=5834","global_id_lineage":["www.dfrg-bochum.de\/fr\/?id=5834"]},"organizer":[{"id":5124,"author":"6","status":"publish","date":"2025-05-06 14:59:17","date_utc":"0000-00-00 00:00:00","modified":"2025-05-06 14:59:17","modified_utc":"0000-00-00 00:00:00","url":"https:\/\/www.dfrg-bochum.de\/veranstalter\/stadt-bochum-in-kooperation-mit-bochumer-vereinen-und-institutionen\/","organizer":"Stadt Bochum in Kooperation mit Bochumer Vereinen und Institutionen","slug":"stadt-bochum-in-kooperation-mit-bochumer-vereinen-und-institutionen","json_ld":{"@type":"Person","name":"Stadt Bochum in Kooperation mit Bochumer Vereinen und Institutionen","description":"","url":"","telephone":"","email":"","sameAs":""},"global_id":"www.dfrg-bochum.de\/fr\/?id=5124","global_id_lineage":["www.dfrg-bochum.de\/fr\/?id=5124"]}],"custom_fields":[],"json_ld":{"@context":"http:\/\/schema.org","@type":"Event","name":"SEMAINES EUROP\u00c9ENNES 2026","description":"&lt;p&gt;Seule la version allemande du texte concernant cet \u00e9v\u00e9nement est actuellement disponible. ------------------------------------------------------------------------------------------------------------------------------------------------ Mit den Bochumer Europawochen 2026 l\u00e4dt die Stadt Bochum im Mai erneut dazu ein, Internationalit\u00e4t und Interkulturalit\u00e4t [&hellip;]&lt;\/p&gt;\\n","url":"https:\/\/www.dfrg-bochum.de\/fr\/\u00e9v\u00e9nement\/semaines-europeennes-2026\/","eventAttendanceMode":"https:\/\/schema.org\/OfflineEventAttendanceMode","eventStatus":"https:\/\/schema.org\/EventScheduled","startDate":"2026-05-04T00:00:00+02:00","endDate":"2026-05-30T23:59:59+02:00","location":{"@type":"Place","name":"Bochum","description":"","url":"https:\/\/www.dfrg-bochum.de\/veranstaltungsort\/bochum\/","address":{"@type":"PostalAddress"},"telephone":"","sameAs":""},"organizer":{"@type":"Person","name":"Stadt Bochum in Kooperation mit Bochumer Vereinen und Institutionen","description":"","url":"","telephone":"","email":"","sameAs":""},"performer":"Organization"}}